{"id":275,"date":"2011-09-29T14:53:07","date_gmt":"2011-09-29T13:53:07","guid":{"rendered":"https:\/\/www.domenca.com\/blog\/?p=275"},"modified":"2023-05-31T12:55:18","modified_gmt":"2023-05-31T11:55:18","slug":"bo-vasa-facebook-aplikacija-prvega-oktobra-nehala-delovati","status":"publish","type":"post","link":"https:\/\/www.domenca.com\/blog\/2011\/09\/29\/bo-vasa-facebook-aplikacija-prvega-oktobra-nehala-delovati\/","title":{"rendered":"Bo va\u0161a Facebook aplikacija prvega oktobra nehala delovati?"},"content":{"rendered":"<p><a href=\"https:\/\/www.domenca.com\/blog\/wp-content\/uploads\/2011\/09\/Https-in-Facebook-aplikacije.jpg\"><img loading=\"lazy\" decoding=\"async\" class=\"alignleft size-thumbnail wp-image-285\" style=\"border: 4px solid gray;\" title=\"Https in Facebook aplikacije\" src=\"https:\/\/www.domenca.com\/blog\/wp-content\/uploads\/2011\/09\/Https-in-Facebook-aplikacije-150x150.jpg\" alt=\"Facebook aplikacije \u010daka sprememba.\" width=\"150\" height=\"150\" srcset=\"https:\/\/www.domenca.com\/blog\/wp-content\/uploads\/2011\/09\/Https-in-Facebook-aplikacije-150x150.jpg 150w, https:\/\/www.domenca.com\/blog\/wp-content\/uploads\/2011\/09\/Https-in-Facebook-aplikacije-100x100.jpg 100w\" sizes=\"auto, (max-width: 150px) 100vw, 150px\" \/><\/a>Ste zadnje \u010dase opazili \u0161tevilne novosti na Facebooku? V soboto se jim bo pridru\u017eila sprememba, ki posega v <strong>na\u010din delovanja Facebook aplikacij<\/strong>. Morda ste \u017ee zaznali zapis na strani Facebook Developers in vas je zaskrbelo, da bo va\u0161 <strong>pozdravni zavihek na Facebook strani<\/strong> ali pa <strong>Facebook nagradna igra<\/strong> 1. oktobra nehala delovati. Kaj se bo zgodilo?<\/p>\n<p><!--more--><\/p>\n<p>&nbsp;<\/p>\n<p><strong>Aplikacije bodo morale uporabljati SSL certifikat<\/strong><\/p>\n<p>Za ve\u010dino lastnikov aplikacij je najpomembnej\u0161a sprememba pod to\u010dko 2: aplikacije in posebni zavihki na Facebook straneh bodo od po novem morale delovati s pomo\u010djo varnega protokola HTTPS. Vsebina va\u0161ih aplikacij, torej slike, besedila in podobno, \u017ee zdaj ne gostuje na Facebooku, ampak drugje na spletu. Od 1. oktobra dalje bo Facebook zahteval, da je ta <strong>vsebina shranjena<\/strong> <strong>na varni lokaciji<\/strong>.<\/p>\n<p>V ta namen boste morali poskrbeti, da bo imela stran, kjer se nahaja vsebina aplikacije, SSL certifikat. Ta omogo\u010da za\u0161\u010dito prenosa podatkov med spletno stranjo in obiskovalcem. \u010ce trenutno imate delujo\u010do Facebook aplikacijo, na primer nagradno igro, vam svetujemo, da \u010dim prej naro\u010dite SSL certifikat in tako zagotovite njeno nadaljnje delovanje.<\/p>\n<p>&nbsp;<\/p>\n<p><strong>Dobra novica za stare FBML zavihke<\/strong><\/p>\n<p>Pozdravni zavihki na Facebook straneh, kot je na primer tale, obstajajo \u017ee nekaj \u010dasa. Obi\u010dajno je njihova naloga nagovoriti obiskovalce, ki \u0161e niso privr\u017eenci Facebook strani. V preteklosti so bili, tako kot druge Facebook aplikacije, izdelani s pomo\u010djo skriptnega jezika FBML. \u017de od marca ni ve\u010d mogo\u010de ustvarjati novih FBML zavihkov, saj je to tehnologijo zamenjal iframe, medtem ko stari FBML zavihki \u0161e vedno delujejo. \u010ce imate na Facebook strani pozdravni zavihek, objavljen pred leto\u0161njo pomladjo, je zelo verjetno narejen s pomo\u010djo FBML in sprememba 1. oktobra po besedah Facebooka\u00a0 <strong>ne bo vplivala nanj<\/strong>. Kljub temu pa pri\u010dakujemo, da FBML zavihki <strong>ne bodo delovali za vedno<\/strong>.<\/p>\n<p>&nbsp;<\/p>\n<p><strong>Preverite, ali je va\u0161 zavihek narejen s pomo\u010djo FBML<\/strong><\/p>\n<p>\u010ce se \u017eelite prepri\u010dati, kako deluje va\u0161 zavihek, se prijavite v Facebook, obi\u0161\u010dite va\u0161o stran in kliknite na gumb <strong>Uredi stran<\/strong>. Potem izberite zavihek <strong>Aplikacije <\/strong>in poi\u0161\u010dite svoj zavihek. \u010ce zraven njegovega imena zagledate kratico FBML, ste lahko pomirjeni, sicer pa se posvetujte s tistim, ki ga je izdelal.<\/p>\n<p style=\"text-align: center;\"><a href=\"https:\/\/www.domenca.com\/blog\/wp-content\/uploads\/2011\/09\/fbml-zavihek.jpg\"><img loading=\"lazy\" decoding=\"async\" class=\"aligncenter size-full wp-image-276\" title=\"FBML zavihek\" src=\"https:\/\/www.domenca.com\/blog\/wp-content\/uploads\/2011\/09\/fbml-zavihek.jpg\" alt=\"FBML zavihek v urejevalniku Facebook strani\" width=\"566\" height=\"45\" srcset=\"https:\/\/www.domenca.com\/blog\/wp-content\/uploads\/2011\/09\/fbml-zavihek.jpg 808w, https:\/\/www.domenca.com\/blog\/wp-content\/uploads\/2011\/09\/fbml-zavihek-300x24.jpg 300w, https:\/\/www.domenca.com\/blog\/wp-content\/uploads\/2011\/09\/fbml-zavihek-768x61.jpg 768w, https:\/\/www.domenca.com\/blog\/wp-content\/uploads\/2011\/09\/fbml-zavihek-728x58.jpg 728w\" sizes=\"auto, (max-width: 566px) 100vw, 566px\" \/><\/a><\/p>\n","protected":false},"excerpt":{"rendered":"<p>Ste zadnje \u010dase opazili \u0161tevilne novosti na Facebooku? V soboto se jim bo pridru\u017eila sprememba, ki posega v na\u010din delovanja Facebook aplikacij. Morda ste \u017ee zaznali zapis na strani Facebook Developers in vas je zaskrbelo, da bo va\u0161 pozdravni zavihek na Facebook strani ali pa Facebook nagradna igra 1. oktobra nehala delovati. Kaj se bo [&hellip;]<\/p>\n","protected":false},"author":4,"featured_media":4900,"comment_status":"open","ping_status":"open","sticky":false,"template":"","format":"standard","meta":{"_ef_editorial_meta_date_first-draft-date":"","_ef_editorial_meta_paragraph_assignment":"","_ef_editorial_meta_checkbox_needs-photo":"","_ef_editorial_meta_number_word-count":"","footnotes":""},"categories":[108],"tags":[54],"class_list":["post-275","post","type-post","status-publish","format-standard","has-post-thumbnail","hentry","category-socialna-omrezja","tag-facebook"],"yoast_head":"<!-- This site is optimized with the Yoast SEO plugin v27.5 - https:\/\/yoast.com\/product\/yoast-seo-wordpress\/ -->\n<title>Bo va\u0161a Facebook aplikacija prvega oktobra nehala delovati? - Domenca.com Blog<\/title>\n<meta name=\"robots\" content=\"index, follow, max-snippet:-1, max-image-preview:large, max-video-preview:-1\" \/>\n<link rel=\"canonical\" href=\"https:\/\/www.domenca.com\/blog\/2011\/09\/29\/bo-vasa-facebook-aplikacija-prvega-oktobra-nehala-delovati\/\" \/>\n<meta property=\"og:locale\" content=\"sl_SI\" \/>\n<meta property=\"og:type\" content=\"article\" \/>\n<meta property=\"og:title\" content=\"Bo va\u0161a Facebook aplikacija prvega oktobra nehala delovati? - Domenca.com Blog\" \/>\n<meta property=\"og:description\" content=\"Ste zadnje \u010dase opazili \u0161tevilne novosti na Facebooku? V soboto se jim bo pridru\u017eila sprememba, ki posega v na\u010din delovanja Facebook aplikacij. Morda ste \u017ee zaznali zapis na strani Facebook Developers in vas je zaskrbelo, da bo va\u0161 pozdravni zavihek na Facebook strani ali pa Facebook nagradna igra 1. oktobra nehala delovati. Kaj se bo [&hellip;]\" \/>\n<meta property=\"og:url\" content=\"https:\/\/www.domenca.com\/blog\/2011\/09\/29\/bo-vasa-facebook-aplikacija-prvega-oktobra-nehala-delovati\/\" \/>\n<meta property=\"og:site_name\" content=\"Domenca.com Blog\" \/>\n<meta property=\"article:publisher\" content=\"https:\/\/www.facebook.com\/domenca\" \/>\n<meta property=\"article:published_time\" content=\"2011-09-29T13:53:07+00:00\" \/>\n<meta property=\"article:modified_time\" content=\"2023-05-31T11:55:18+00:00\" \/>\n<meta property=\"og:image\" content=\"https:\/\/www.domenca.com\/blog\/wp-content\/uploads\/2012\/01\/empty.jpg\" \/>\n\t<meta property=\"og:image:width\" content=\"600\" \/>\n\t<meta property=\"og:image:height\" content=\"600\" \/>\n\t<meta property=\"og:image:type\" content=\"image\/jpeg\" \/>\n<meta name=\"author\" content=\"Ena Kobentar\" \/>\n<meta name=\"twitter:card\" content=\"summary_large_image\" \/>\n<meta name=\"twitter:label1\" content=\"Written by\" \/>\n\t<meta name=\"twitter:data1\" content=\"Ena Kobentar\" \/>\n\t<meta name=\"twitter:label2\" content=\"Est. reading time\" \/>\n\t<meta name=\"twitter:data2\" content=\"3 minute\" \/>\n<script type=\"application\/ld+json\" class=\"yoast-schema-graph\">{\"@context\":\"https:\\\/\\\/schema.org\",\"@graph\":[{\"@type\":\"Article\",\"@id\":\"https:\\\/\\\/www.domenca.com\\\/blog\\\/2011\\\/09\\\/29\\\/bo-vasa-facebook-aplikacija-prvega-oktobra-nehala-delovati\\\/#article\",\"isPartOf\":{\"@id\":\"https:\\\/\\\/www.domenca.com\\\/blog\\\/2011\\\/09\\\/29\\\/bo-vasa-facebook-aplikacija-prvega-oktobra-nehala-delovati\\\/\"},\"author\":{\"name\":\"Ena Kobentar\",\"@id\":\"https:\\\/\\\/www.domenca.com\\\/blog\\\/#\\\/schema\\\/person\\\/7d1fe077b491fc73c9a6a9e630d3c28e\"},\"headline\":\"Bo va\u0161a Facebook aplikacija prvega oktobra nehala delovati?\",\"datePublished\":\"2011-09-29T13:53:07+00:00\",\"dateModified\":\"2023-05-31T11:55:18+00:00\",\"mainEntityOfPage\":{\"@id\":\"https:\\\/\\\/www.domenca.com\\\/blog\\\/2011\\\/09\\\/29\\\/bo-vasa-facebook-aplikacija-prvega-oktobra-nehala-delovati\\\/\"},\"wordCount\":375,\"commentCount\":0,\"image\":{\"@id\":\"https:\\\/\\\/www.domenca.com\\\/blog\\\/2011\\\/09\\\/29\\\/bo-vasa-facebook-aplikacija-prvega-oktobra-nehala-delovati\\\/#primaryimage\"},\"thumbnailUrl\":\"https:\\\/\\\/www.domenca.com\\\/blog\\\/wp-content\\\/uploads\\\/2012\\\/01\\\/empty.jpg\",\"keywords\":[\"Facebook\"],\"articleSection\":[\"Socialna omre\u017eja\"],\"inLanguage\":\"sl-SI\"},{\"@type\":\"WebPage\",\"@id\":\"https:\\\/\\\/www.domenca.com\\\/blog\\\/2011\\\/09\\\/29\\\/bo-vasa-facebook-aplikacija-prvega-oktobra-nehala-delovati\\\/\",\"url\":\"https:\\\/\\\/www.domenca.com\\\/blog\\\/2011\\\/09\\\/29\\\/bo-vasa-facebook-aplikacija-prvega-oktobra-nehala-delovati\\\/\",\"name\":\"Bo va\u0161a Facebook aplikacija prvega oktobra nehala delovati? - Domenca.com Blog\",\"isPartOf\":{\"@id\":\"https:\\\/\\\/www.domenca.com\\\/blog\\\/#website\"},\"primaryImageOfPage\":{\"@id\":\"https:\\\/\\\/www.domenca.com\\\/blog\\\/2011\\\/09\\\/29\\\/bo-vasa-facebook-aplikacija-prvega-oktobra-nehala-delovati\\\/#primaryimage\"},\"image\":{\"@id\":\"https:\\\/\\\/www.domenca.com\\\/blog\\\/2011\\\/09\\\/29\\\/bo-vasa-facebook-aplikacija-prvega-oktobra-nehala-delovati\\\/#primaryimage\"},\"thumbnailUrl\":\"https:\\\/\\\/www.domenca.com\\\/blog\\\/wp-content\\\/uploads\\\/2012\\\/01\\\/empty.jpg\",\"datePublished\":\"2011-09-29T13:53:07+00:00\",\"dateModified\":\"2023-05-31T11:55:18+00:00\",\"author\":{\"@id\":\"https:\\\/\\\/www.domenca.com\\\/blog\\\/#\\\/schema\\\/person\\\/7d1fe077b491fc73c9a6a9e630d3c28e\"},\"breadcrumb\":{\"@id\":\"https:\\\/\\\/www.domenca.com\\\/blog\\\/2011\\\/09\\\/29\\\/bo-vasa-facebook-aplikacija-prvega-oktobra-nehala-delovati\\\/#breadcrumb\"},\"inLanguage\":\"sl-SI\",\"potentialAction\":[{\"@type\":\"ReadAction\",\"target\":[\"https:\\\/\\\/www.domenca.com\\\/blog\\\/2011\\\/09\\\/29\\\/bo-vasa-facebook-aplikacija-prvega-oktobra-nehala-delovati\\\/\"]}]},{\"@type\":\"ImageObject\",\"inLanguage\":\"sl-SI\",\"@id\":\"https:\\\/\\\/www.domenca.com\\\/blog\\\/2011\\\/09\\\/29\\\/bo-vasa-facebook-aplikacija-prvega-oktobra-nehala-delovati\\\/#primaryimage\",\"url\":\"https:\\\/\\\/www.domenca.com\\\/blog\\\/wp-content\\\/uploads\\\/2012\\\/01\\\/empty.jpg\",\"contentUrl\":\"https:\\\/\\\/www.domenca.com\\\/blog\\\/wp-content\\\/uploads\\\/2012\\\/01\\\/empty.jpg\",\"width\":600,\"height\":600},{\"@type\":\"BreadcrumbList\",\"@id\":\"https:\\\/\\\/www.domenca.com\\\/blog\\\/2011\\\/09\\\/29\\\/bo-vasa-facebook-aplikacija-prvega-oktobra-nehala-delovati\\\/#breadcrumb\",\"itemListElement\":[{\"@type\":\"ListItem\",\"position\":1,\"name\":\"Home\",\"item\":\"https:\\\/\\\/www.domenca.com\\\/blog\\\/\"},{\"@type\":\"ListItem\",\"position\":2,\"name\":\"Bo va\u0161a Facebook aplikacija prvega oktobra nehala delovati?\"}]},{\"@type\":\"WebSite\",\"@id\":\"https:\\\/\\\/www.domenca.com\\\/blog\\\/#website\",\"url\":\"https:\\\/\\\/www.domenca.com\\\/blog\\\/\",\"name\":\"Domenca.com Blog\",\"description\":\"Domenca Blog\",\"alternateName\":\"Domenca Blog\",\"potentialAction\":[{\"@type\":\"SearchAction\",\"target\":{\"@type\":\"EntryPoint\",\"urlTemplate\":\"https:\\\/\\\/www.domenca.com\\\/blog\\\/?s={search_term_string}\"},\"query-input\":{\"@type\":\"PropertyValueSpecification\",\"valueRequired\":true,\"valueName\":\"search_term_string\"}}],\"inLanguage\":\"sl-SI\"},{\"@type\":\"Person\",\"@id\":\"https:\\\/\\\/www.domenca.com\\\/blog\\\/#\\\/schema\\\/person\\\/7d1fe077b491fc73c9a6a9e630d3c28e\",\"name\":\"Ena Kobentar\",\"image\":{\"@type\":\"ImageObject\",\"inLanguage\":\"sl-SI\",\"@id\":\"https:\\\/\\\/secure.gravatar.com\\\/avatar\\\/ccc0488ddfeb5898acf236a370f3cf26b59d1dd32b554d3388121a85e66cf004?s=96&d=mm&r=g\",\"url\":\"https:\\\/\\\/secure.gravatar.com\\\/avatar\\\/ccc0488ddfeb5898acf236a370f3cf26b59d1dd32b554d3388121a85e66cf004?s=96&d=mm&r=g\",\"contentUrl\":\"https:\\\/\\\/secure.gravatar.com\\\/avatar\\\/ccc0488ddfeb5898acf236a370f3cf26b59d1dd32b554d3388121a85e66cf004?s=96&d=mm&r=g\",\"caption\":\"Ena Kobentar\"},\"url\":\"https:\\\/\\\/www.domenca.com\\\/blog\\\/author\\\/ena\\\/\"}]}<\/script>\n<!-- \/ Yoast SEO plugin. -->","yoast_head_json":{"title":"Bo va\u0161a Facebook aplikacija prvega oktobra nehala delovati? - Domenca.com Blog","robots":{"index":"index","follow":"follow","max-snippet":"max-snippet:-1","max-image-preview":"max-image-preview:large","max-video-preview":"max-video-preview:-1"},"canonical":"https:\/\/www.domenca.com\/blog\/2011\/09\/29\/bo-vasa-facebook-aplikacija-prvega-oktobra-nehala-delovati\/","og_locale":"sl_SI","og_type":"article","og_title":"Bo va\u0161a Facebook aplikacija prvega oktobra nehala delovati? - Domenca.com Blog","og_description":"Ste zadnje \u010dase opazili \u0161tevilne novosti na Facebooku? V soboto se jim bo pridru\u017eila sprememba, ki posega v na\u010din delovanja Facebook aplikacij. Morda ste \u017ee zaznali zapis na strani Facebook Developers in vas je zaskrbelo, da bo va\u0161 pozdravni zavihek na Facebook strani ali pa Facebook nagradna igra 1. oktobra nehala delovati. Kaj se bo [&hellip;]","og_url":"https:\/\/www.domenca.com\/blog\/2011\/09\/29\/bo-vasa-facebook-aplikacija-prvega-oktobra-nehala-delovati\/","og_site_name":"Domenca.com Blog","article_publisher":"https:\/\/www.facebook.com\/domenca","article_published_time":"2011-09-29T13:53:07+00:00","article_modified_time":"2023-05-31T11:55:18+00:00","og_image":[{"width":600,"height":600,"url":"https:\/\/www.domenca.com\/blog\/wp-content\/uploads\/2012\/01\/empty.jpg","type":"image\/jpeg"}],"author":"Ena Kobentar","twitter_card":"summary_large_image","twitter_misc":{"Written by":"Ena Kobentar","Est. reading time":"3 minute"},"schema":{"@context":"https:\/\/schema.org","@graph":[{"@type":"Article","@id":"https:\/\/www.domenca.com\/blog\/2011\/09\/29\/bo-vasa-facebook-aplikacija-prvega-oktobra-nehala-delovati\/#article","isPartOf":{"@id":"https:\/\/www.domenca.com\/blog\/2011\/09\/29\/bo-vasa-facebook-aplikacija-prvega-oktobra-nehala-delovati\/"},"author":{"name":"Ena Kobentar","@id":"https:\/\/www.domenca.com\/blog\/#\/schema\/person\/7d1fe077b491fc73c9a6a9e630d3c28e"},"headline":"Bo va\u0161a Facebook aplikacija prvega oktobra nehala delovati?","datePublished":"2011-09-29T13:53:07+00:00","dateModified":"2023-05-31T11:55:18+00:00","mainEntityOfPage":{"@id":"https:\/\/www.domenca.com\/blog\/2011\/09\/29\/bo-vasa-facebook-aplikacija-prvega-oktobra-nehala-delovati\/"},"wordCount":375,"commentCount":0,"image":{"@id":"https:\/\/www.domenca.com\/blog\/2011\/09\/29\/bo-vasa-facebook-aplikacija-prvega-oktobra-nehala-delovati\/#primaryimage"},"thumbnailUrl":"https:\/\/www.domenca.com\/blog\/wp-content\/uploads\/2012\/01\/empty.jpg","keywords":["Facebook"],"articleSection":["Socialna omre\u017eja"],"inLanguage":"sl-SI"},{"@type":"WebPage","@id":"https:\/\/www.domenca.com\/blog\/2011\/09\/29\/bo-vasa-facebook-aplikacija-prvega-oktobra-nehala-delovati\/","url":"https:\/\/www.domenca.com\/blog\/2011\/09\/29\/bo-vasa-facebook-aplikacija-prvega-oktobra-nehala-delovati\/","name":"Bo va\u0161a Facebook aplikacija prvega oktobra nehala delovati? - Domenca.com Blog","isPartOf":{"@id":"https:\/\/www.domenca.com\/blog\/#website"},"primaryImageOfPage":{"@id":"https:\/\/www.domenca.com\/blog\/2011\/09\/29\/bo-vasa-facebook-aplikacija-prvega-oktobra-nehala-delovati\/#primaryimage"},"image":{"@id":"https:\/\/www.domenca.com\/blog\/2011\/09\/29\/bo-vasa-facebook-aplikacija-prvega-oktobra-nehala-delovati\/#primaryimage"},"thumbnailUrl":"https:\/\/www.domenca.com\/blog\/wp-content\/uploads\/2012\/01\/empty.jpg","datePublished":"2011-09-29T13:53:07+00:00","dateModified":"2023-05-31T11:55:18+00:00","author":{"@id":"https:\/\/www.domenca.com\/blog\/#\/schema\/person\/7d1fe077b491fc73c9a6a9e630d3c28e"},"breadcrumb":{"@id":"https:\/\/www.domenca.com\/blog\/2011\/09\/29\/bo-vasa-facebook-aplikacija-prvega-oktobra-nehala-delovati\/#breadcrumb"},"inLanguage":"sl-SI","potentialAction":[{"@type":"ReadAction","target":["https:\/\/www.domenca.com\/blog\/2011\/09\/29\/bo-vasa-facebook-aplikacija-prvega-oktobra-nehala-delovati\/"]}]},{"@type":"ImageObject","inLanguage":"sl-SI","@id":"https:\/\/www.domenca.com\/blog\/2011\/09\/29\/bo-vasa-facebook-aplikacija-prvega-oktobra-nehala-delovati\/#primaryimage","url":"https:\/\/www.domenca.com\/blog\/wp-content\/uploads\/2012\/01\/empty.jpg","contentUrl":"https:\/\/www.domenca.com\/blog\/wp-content\/uploads\/2012\/01\/empty.jpg","width":600,"height":600},{"@type":"BreadcrumbList","@id":"https:\/\/www.domenca.com\/blog\/2011\/09\/29\/bo-vasa-facebook-aplikacija-prvega-oktobra-nehala-delovati\/#breadcrumb","itemListElement":[{"@type":"ListItem","position":1,"name":"Home","item":"https:\/\/www.domenca.com\/blog\/"},{"@type":"ListItem","position":2,"name":"Bo va\u0161a Facebook aplikacija prvega oktobra nehala delovati?"}]},{"@type":"WebSite","@id":"https:\/\/www.domenca.com\/blog\/#website","url":"https:\/\/www.domenca.com\/blog\/","name":"Domenca.com Blog","description":"Domenca Blog","alternateName":"Domenca Blog","potentialAction":[{"@type":"SearchAction","target":{"@type":"EntryPoint","urlTemplate":"https:\/\/www.domenca.com\/blog\/?s={search_term_string}"},"query-input":{"@type":"PropertyValueSpecification","valueRequired":true,"valueName":"search_term_string"}}],"inLanguage":"sl-SI"},{"@type":"Person","@id":"https:\/\/www.domenca.com\/blog\/#\/schema\/person\/7d1fe077b491fc73c9a6a9e630d3c28e","name":"Ena Kobentar","image":{"@type":"ImageObject","inLanguage":"sl-SI","@id":"https:\/\/secure.gravatar.com\/avatar\/ccc0488ddfeb5898acf236a370f3cf26b59d1dd32b554d3388121a85e66cf004?s=96&d=mm&r=g","url":"https:\/\/secure.gravatar.com\/avatar\/ccc0488ddfeb5898acf236a370f3cf26b59d1dd32b554d3388121a85e66cf004?s=96&d=mm&r=g","contentUrl":"https:\/\/secure.gravatar.com\/avatar\/ccc0488ddfeb5898acf236a370f3cf26b59d1dd32b554d3388121a85e66cf004?s=96&d=mm&r=g","caption":"Ena Kobentar"},"url":"https:\/\/www.domenca.com\/blog\/author\/ena\/"}]}},"_links":{"self":[{"href":"https:\/\/www.domenca.com\/blog\/wp-json\/wp\/v2\/posts\/275","targetHints":{"allow":["GET"]}}],"collection":[{"href":"https:\/\/www.domenca.com\/blog\/wp-json\/wp\/v2\/posts"}],"about":[{"href":"https:\/\/www.domenca.com\/blog\/wp-json\/wp\/v2\/types\/post"}],"author":[{"embeddable":true,"href":"https:\/\/www.domenca.com\/blog\/wp-json\/wp\/v2\/users\/4"}],"replies":[{"embeddable":true,"href":"https:\/\/www.domenca.com\/blog\/wp-json\/wp\/v2\/comments?post=275"}],"version-history":[{"count":3,"href":"https:\/\/www.domenca.com\/blog\/wp-json\/wp\/v2\/posts\/275\/revisions"}],"predecessor-version":[{"id":7619,"href":"https:\/\/www.domenca.com\/blog\/wp-json\/wp\/v2\/posts\/275\/revisions\/7619"}],"wp:featuredmedia":[{"embeddable":true,"href":"https:\/\/www.domenca.com\/blog\/wp-json\/wp\/v2\/media\/4900"}],"wp:attachment":[{"href":"https:\/\/www.domenca.com\/blog\/wp-json\/wp\/v2\/media?parent=275"}],"wp:term":[{"taxonomy":"category","embeddable":true,"href":"https:\/\/www.domenca.com\/blog\/wp-json\/wp\/v2\/categories?post=275"},{"taxonomy":"post_tag","embeddable":true,"href":"https:\/\/www.domenca.com\/blog\/wp-json\/wp\/v2\/tags?post=275"}],"curies":[{"name":"wp","href":"https:\/\/api.w.org\/{rel}","templated":true}]}}